{"id":3368,"date":"2025-05-16T05:58:43","date_gmt":"2025-05-16T05:58:43","guid":{"rendered":"https:\/\/www.stella-sisu.fi\/?p=3368"},"modified":"2026-01-28T11:09:53","modified_gmt":"2026-01-28T11:09:53","slug":"rytmisen-voimistelijan-erikoinen-paiva","status":"publish","type":"post","link":"https:\/\/www.stella-sisu.fi\/en\/rytmisen-voimistelijan-erikoinen-paiva\/","title":{"rendered":"Rytmisen voimistelijan erikoinen p\u00e4iv\u00e4"},"content":{"rendered":"<p id=\"viewer-foo\">T\u00e4m\u00e4 blog postaus on t\u00e4ynn\u00e4 tunteita, nimenomaan \u00e4idin tunteita. Sen on vaikea aloittaa ja viel\u00e4 vaikeampi lopettaa&#8230; kuin my\u00f6s voimistelu uraa kokonaisuudessa.<\/p>\n\n\n\n<p id=\"viewer-fq51b\">Tasan 7 vuotta sitten asuimme Jyv\u00e4skyl\u00e4ss\u00e4 ja tytt\u00e4reni Anna oli silloin t\u00e4ytt\u00e4nyt 4 vuotta. Yhten\u00e4 iltana katsottiin telkkarissa rytmisen voimistelun kilpailuja ja Anna sanoi, ett\u00e4 halua &#8221;n\u00e4in kauniin puvun&#8221;. Juuri silloin mietittiin, mik\u00e4 jumppa olisi Annalle sopiva. Todella nopeasti l\u00f6ytyi Jyv\u00e4skyl\u00e4n Voimistelijoiden Ametistit-ryhm\u00e4, johon Anna liittyi mukaan, ja jossa oli jo muutama saman ik\u00e4ist\u00e4 tytt\u00f6\u00e4. Oman hyvin rajatun kielitaidon takia en heti tajunnut, mit\u00e4 tarkoittaa &#8221;valmennusryhm\u00e4&#8221; ja t\u00e4st\u00e4 se l\u00e4hti \ud83d\ude42<\/p>\n\n\n\n<figure class=\"wp-block-image\"><img decoding=\"async\" src=\"https:\/\/www.stella-sisu.fi\/wp-content\/uploads\/2025\/05\/8bd719_d6b35388e32a43a9862a831f0aa587ffmv2.jpg\" alt=\"\" class=\"wp-image-3395\"\/><\/figure>\n\n\n\n<p id=\"viewer-88lah\">Annan ensimm\u00e4inen esiintyminen vanhainkodissa Jyv\u00e4skyl\u00e4ss\u00e4, 2015<\/p>\n\n\n\n<p id=\"viewer-85j78\">Eilen oli Annan viimeinen voimistelukilpailu. Viel\u00e4 pari viikkoa harjoittelua ja uudet tuulet kutsuvat. Mutta n\u00e4in se on, ett\u00e4 viimeiset kilpailut ovat j\u00e4nnitt\u00e4vimm\u00e4t ja toisaalta rennommat. Haluamme jakaa teid\u00e4n kanssa yhteisi\u00e4 tunnelmiamme t\u00e4st\u00e4 p\u00e4iv\u00e4st\u00e4.<\/p>\n\n\n\n<figure class=\"wp-block-image\"><img decoding=\"async\" src=\"https:\/\/www.stella-sisu.fi\/wp-content\/uploads\/2025\/05\/8bd719_6e97a55dd5e24efaba51fbcf49220084mv2.jpg\" alt=\"\" class=\"wp-image-3382\"\/><\/figure>\n\n\n\n<p id=\"viewer-coj3u\">Anna, 2016<\/p>\n\n\n\n<p id=\"viewer-74cjc\">Aamu alkoi klo 8 her\u00e4tyksest\u00e4. Jokainen voimistelija tiet\u00e4\u00e4, ett\u00e4 silloin kun luokkakaverit n\u00e4kev\u00e4t viel\u00e4 unia lauantai tai sunnuntai aamuna, h\u00e4nen pit\u00e4\u00e4 l\u00e4hte\u00e4 kilpailuihin ja sit\u00e4 ennen valmistautua niihin.<\/p>\n\n\n\n<figure class=\"wp-block-image\"><img decoding=\"async\" src=\"https:\/\/www.stella-sisu.fi\/wp-content\/uploads\/2025\/05\/8bd719_0da415b71daa4a3383ebda2d0540f2cbmv2.jpg\" alt=\"\" class=\"wp-image-3385\"\/><\/figure>\n\n\n\n<p id=\"viewer-2gi86\">Sitten aamiainen<\/p>\n\n\n\n<figure class=\"wp-block-image\"><img decoding=\"async\" src=\"https:\/\/www.stella-sisu.fi\/wp-content\/uploads\/2025\/05\/8bd719_576e5996e7994b4a9ade6c934c79aab6mv2.jpg\" alt=\"\" class=\"wp-image-3397\"\/><\/figure>\n\n\n\n<p id=\"viewer-h5fo\">Ja toki joulukalenterin nelonen luukku!<\/p>\n\n\n\n<figure class=\"wp-block-image\"><img decoding=\"async\" src=\"https:\/\/www.stella-sisu.fi\/wp-content\/uploads\/2025\/05\/8bd719_bf876696640644d7b99d39f42caaad5bmv2.jpg\" alt=\"\" class=\"wp-image-3386\"\/><\/figure>\n\n\n\n<p id=\"viewer-esak8\">Sitten aloitetaan \u00e4idin vaikein p\u00e4iv\u00e4n teht\u00e4v\u00e4n eli nutturan teko. Vaikka Anna on esiintynyt jo yli 6 vuotta, nutturan teko on aina j\u00e4nnitt\u00e4v\u00e4, enk\u00e4 ikin\u00e4 oppinut tekem\u00e4\u00e4n sit\u00e4 t\u00e4ydelliseksi \ud83d\ude42<\/p>\n\n\n\n<figure class=\"wp-block-image\"><img decoding=\"async\" src=\"https:\/\/www.stella-sisu.fi\/wp-content\/uploads\/2025\/05\/8bd719_d9bb1fec1bf4411d99ca08afa8f7ae62mv2.jpg\" alt=\"\" class=\"wp-image-3390\"\/><\/figure>\n\n\n\n<p id=\"viewer-3u09i\">Kaikki tavarat tarkistettu ja varmistettu.<\/p>\n\n\n\n<figure class=\"wp-block-image\"><img decoding=\"async\" src=\"https:\/\/www.stella-sisu.fi\/wp-content\/uploads\/2025\/05\/8bd719_4ba98a473ff3485896de8781f75a0e5dmv2.jpg\" alt=\"\" class=\"wp-image-3391\"\/><\/figure>\n\n\n\n<p id=\"viewer-7d0ib\">Ja l\u00e4hdet\u00e4\u00e4n Vantaalle, <a target=\"_blank\" href=\"https:\/\/www.vantaa.fi\/vapaa-aika\/kulttuuri\/monitoimikeskus_lumo\" rel=\"noreferrer noopener\"><u>Lumokeskukseen<\/u><\/a>, miss\u00e4 <a target=\"_blank\" href=\"http:\/\/www.elisevantaa.fi\/\" rel=\"noreferrer noopener\"><u>Elise Vantaa<\/u><\/a> j\u00e4rjest\u00e4\u00e4 <a target=\"_blank\" href=\"https:\/\/kisanet.fi\/#\/event\/details\/980\/summary\" rel=\"noreferrer noopener\"><u>v\u00e4linekilpailut<\/u><\/a>.<\/p>\n\n\n\n<figure class=\"wp-block-image\"><img decoding=\"async\" src=\"https:\/\/www.stella-sisu.fi\/wp-content\/uploads\/2025\/05\/8bd719_529cab41ea9345cf976db23a70b307cdmv2.jpg\" alt=\"\" class=\"wp-image-3396\"\/><\/figure>\n\n\n\n<p id=\"viewer-5ih58\">Halliin saapumisen j\u00e4lkeen Annalla alkaa l\u00e4mmittely ja venytykset.<\/p>\n\n\n\n<figure class=\"wp-block-image\"><img loading=\"lazy\" decoding=\"async\" width=\"243\" height=\"243\" src=\"https:\/\/www.stella-sisu.fi\/wp-content\/uploads\/2025\/05\/8bd719_1bbf6e032e304cfebc2a23d4f47f07a1mv2.webp\" alt=\"\" class=\"wp-image-3371\" srcset=\"https:\/\/www.stella-sisu.fi\/wp-content\/uploads\/2025\/05\/8bd719_1bbf6e032e304cfebc2a23d4f47f07a1mv2.webp 243w, https:\/\/www.stella-sisu.fi\/wp-content\/uploads\/2025\/05\/8bd719_1bbf6e032e304cfebc2a23d4f47f07a1mv2-100x100.webp 100w, https:\/\/www.stella-sisu.fi\/wp-content\/uploads\/2025\/05\/8bd719_1bbf6e032e304cfebc2a23d4f47f07a1mv2-150x150.webp 150w\" sizes=\"auto, (max-width: 243px) 100vw, 243px\" \/><\/figure>\n\n\n\n<figure class=\"wp-block-image\"><img loading=\"lazy\" decoding=\"async\" width=\"244\" height=\"243\" src=\"https:\/\/www.stella-sisu.fi\/wp-content\/uploads\/2025\/05\/8bd719_e8a2e00430584a78a842f7e691961668mv2.webp\" alt=\"\" class=\"wp-image-3375\" srcset=\"https:\/\/www.stella-sisu.fi\/wp-content\/uploads\/2025\/05\/8bd719_e8a2e00430584a78a842f7e691961668mv2.webp 244w, https:\/\/www.stella-sisu.fi\/wp-content\/uploads\/2025\/05\/8bd719_e8a2e00430584a78a842f7e691961668mv2-100x100.webp 100w, https:\/\/www.stella-sisu.fi\/wp-content\/uploads\/2025\/05\/8bd719_e8a2e00430584a78a842f7e691961668mv2-150x150.webp 150w\" sizes=\"auto, (max-width: 244px) 100vw, 244px\" \/><\/figure>\n\n\n\n<figure class=\"wp-block-image\"><img loading=\"lazy\" decoding=\"async\" width=\"243\" height=\"243\" src=\"https:\/\/www.stella-sisu.fi\/wp-content\/uploads\/2025\/05\/8bd719_97b3e00622914f1ca144be6fe2f7728cmv2.webp\" alt=\"\" class=\"wp-image-3374\" srcset=\"https:\/\/www.stella-sisu.fi\/wp-content\/uploads\/2025\/05\/8bd719_97b3e00622914f1ca144be6fe2f7728cmv2.webp 243w, https:\/\/www.stella-sisu.fi\/wp-content\/uploads\/2025\/05\/8bd719_97b3e00622914f1ca144be6fe2f7728cmv2-100x100.webp 100w, https:\/\/www.stella-sisu.fi\/wp-content\/uploads\/2025\/05\/8bd719_97b3e00622914f1ca144be6fe2f7728cmv2-150x150.webp 150w\" sizes=\"auto, (max-width: 243px) 100vw, 243px\" \/><\/figure>\n\n\n\n<p id=\"viewer-4bvmg\">Tauon aikana voi k\u00e4yd\u00e4 kokeilemassa heittoja esiintymismatolla.<\/p>\n\n\n\n<figure class=\"wp-block-image\"><img decoding=\"async\" src=\"https:\/\/www.stella-sisu.fi\/wp-content\/uploads\/2025\/05\/8bd719_7c188c5dd471441f829406524538cc2dmv2.jpg\" alt=\"\" class=\"wp-image-3381\"\/><\/figure>\n\n\n\n<p id=\"viewer-51o4q\">Ohjelma meni aika hyvin, vaikka virheit\u00e4 oli, kuitenkin hienosti se onnistui.<\/p>\n\n\n\n<p id=\"viewer-8phqt\">Heti sen j\u00e4lkeen tulikin meille molemmille se fiilis, ett\u00e4 onko se loppunut???<\/p>\n\n\n\n<p id=\"viewer-7qrip\">V\u00e4h\u00e4n itkua edes tuli, vaikka emme ymm\u00e4rt\u00e4neet, oliko n\u00e4m\u00e4 ilon tai surun kyynelet.<\/p>\n\n\n\n<p id=\"viewer-bcrg9\">Kaikki viime vuosien paineet j\u00e4iv\u00e4t takana ja n\u00e4yttiv\u00e4t en\u00e4\u00e4 vain muistilta.<\/p>\n\n\n\n<figure class=\"wp-block-image\"><img decoding=\"async\" src=\"https:\/\/www.stella-sisu.fi\/wp-content\/uploads\/2025\/05\/8bd719_11b14fc6dfda42a09faffe1cbd04088dmv2.jpg\" alt=\"\" class=\"wp-image-3380\"\/><\/figure>\n\n\n\n<p id=\"viewer-dv4rk\">Otettiin muutama kuva ja l\u00e4hdettiin hallilta ulos. Anna kertoi minulle \u00e4skeisest\u00e4 keskustelusta kavereiden kanssa. He kysyiv\u00e4t, ett\u00e4 jos vaikka Anna voittaa, j\u00e4\u00e4k\u00f6 h\u00e4n jatkamaan voimistelua. Anna vastasi, ett\u00e4 ei, mutta pyysikin tarkistamaan, mit\u00e4 h\u00e4nen tulos oli.<\/p>\n\n\n\n<p id=\"viewer-1g6jl\">Anna sai pronssimitali ja tulimmekin takaisin halliin hakemaan sen \ud83d\ude42<\/p>\n\n\n\n<figure class=\"wp-block-image\"><img loading=\"lazy\" decoding=\"async\" width=\"243\" height=\"324\" src=\"https:\/\/www.stella-sisu.fi\/wp-content\/uploads\/2025\/05\/8bd719_35f88cb77b8d47fe82cd1bd80f19c123mv2.webp\" alt=\"\" class=\"wp-image-3369\" srcset=\"https:\/\/www.stella-sisu.fi\/wp-content\/uploads\/2025\/05\/8bd719_35f88cb77b8d47fe82cd1bd80f19c123mv2.webp 243w, https:\/\/www.stella-sisu.fi\/wp-content\/uploads\/2025\/05\/8bd719_35f88cb77b8d47fe82cd1bd80f19c123mv2-225x300.webp 225w\" sizes=\"auto, (max-width: 243px) 100vw, 243px\" \/><\/figure>\n\n\n\n<figure class=\"wp-block-image\"><img loading=\"lazy\" decoding=\"async\" width=\"244\" height=\"324\" src=\"https:\/\/www.stella-sisu.fi\/wp-content\/uploads\/2025\/05\/8bd719_35571fd5f58e4e24acb04c247fa070ffmv2.webp\" alt=\"\" class=\"wp-image-3372\" srcset=\"https:\/\/www.stella-sisu.fi\/wp-content\/uploads\/2025\/05\/8bd719_35571fd5f58e4e24acb04c247fa070ffmv2.webp 244w, https:\/\/www.stella-sisu.fi\/wp-content\/uploads\/2025\/05\/8bd719_35571fd5f58e4e24acb04c247fa070ffmv2-226x300.webp 226w\" sizes=\"auto, (max-width: 244px) 100vw, 244px\" \/><\/figure>\n\n\n\n<figure class=\"wp-block-image\"><img loading=\"lazy\" decoding=\"async\" width=\"243\" height=\"324\" src=\"https:\/\/www.stella-sisu.fi\/wp-content\/uploads\/2025\/05\/8bd719_f8f895a165ac4412a2a8799d9fe89713mv2.webp\" alt=\"\" class=\"wp-image-3370\" srcset=\"https:\/\/www.stella-sisu.fi\/wp-content\/uploads\/2025\/05\/8bd719_f8f895a165ac4412a2a8799d9fe89713mv2.webp 243w, https:\/\/www.stella-sisu.fi\/wp-content\/uploads\/2025\/05\/8bd719_f8f895a165ac4412a2a8799d9fe89713mv2-225x300.webp 225w\" sizes=\"auto, (max-width: 243px) 100vw, 243px\" \/><\/figure>\n\n\n\n<p id=\"viewer-4mi3d\">T\u00e4m\u00e4 oli hyvin ansaitu ja onnellinen loppupiste.<\/p>\n\n\n\n<figure class=\"wp-block-image\"><img decoding=\"async\" src=\"https:\/\/www.stella-sisu.fi\/wp-content\/uploads\/2025\/05\/8bd719_c33287b8bce1403ebf734e60620aeffbmv2.jpg\" alt=\"\" class=\"wp-image-3379\"\/><\/figure>\n\n\n\n<p id=\"viewer-ed960\">Ulkona paistoi ihanasti aurinko ja satoi samalla lunta.<\/p>\n\n\n\n<figure class=\"wp-block-image\"><img decoding=\"async\" src=\"https:\/\/www.stella-sisu.fi\/wp-content\/uploads\/2025\/05\/8bd719_81b5e0eeb1d64daca729c1c007d5226dmv2.jpg\" alt=\"\" class=\"wp-image-3384\"\/><\/figure>\n\n\n\n<p id=\"viewer-bdjge\">Todella hyv\u00e4ll\u00e4 tuulella l\u00e4hdettiin hakemaan herkkuja!<\/p>\n\n\n\n<figure class=\"wp-block-image\"><img decoding=\"async\" src=\"https:\/\/www.stella-sisu.fi\/wp-content\/uploads\/2025\/05\/8bd719_df5445756a274fcf90b5ee837ed7bf90mv2.jpg\" alt=\"\" class=\"wp-image-3394\"\/><\/figure>\n\n\n\n<figure class=\"wp-block-image\"><img decoding=\"async\" src=\"https:\/\/www.stella-sisu.fi\/wp-content\/uploads\/2025\/05\/8bd719_e07508a2938f44d494ca8690ace9e9bbmv2.jpg\" alt=\"\" class=\"wp-image-3388\"\/><\/figure>\n\n\n\n<p id=\"viewer-d77pa\">Ja pari tunnin p\u00e4\u00e4st\u00e4 olimme jo kotona, miss\u00e4 is\u00e4 ja pikkuveli onnittelivat Annan.<\/p>\n\n\n\n<figure class=\"wp-block-image\"><img decoding=\"async\" src=\"https:\/\/www.stella-sisu.fi\/wp-content\/uploads\/2025\/05\/8bd719_1be34fa139724cc7acf87b299d5885fdmv2.jpg\" alt=\"\" class=\"wp-image-3383\"\/><\/figure>\n\n\n\n<p id=\"viewer-fg26o\">Annan mukaan jossain vaiheessa h\u00e4nelle tuli mieleen ajatus, ett\u00e4 mit\u00e4 h\u00e4n tekee kaikilla tuolla &#8221;ylim\u00e4\u00e4r\u00e4isell\u00e4&#8221; ajalla, mik\u00e4 j\u00e4\u00e4 voimistelun lopettamisen j\u00e4lkeen. Mutta onneksi vastaus l\u00f6ytyi helposti.<\/p>\n\n\n\n<figure class=\"wp-block-image\"><img decoding=\"async\" src=\"https:\/\/www.stella-sisu.fi\/wp-content\/uploads\/2025\/05\/8bd719_1b6c149fc3a44fd7b01bf5f939955c21mv2.jpg\" alt=\"\" class=\"wp-image-3389\"\/><\/figure>\n\n\n\n<p id=\"viewer-frncn\">Viimeist\u00e4 puoli vuotta Anna k\u00e4vi balettikoulussa ja voimistelussa samana aikana. Yhdistelm\u00e4 oli hyvin raskas, ja siin\u00e4 se p\u00e4\u00e4t\u00f6s tuli, ett\u00e4 voimistelusta jo kasvaneena, h\u00e4n haluaa jatkaa baletissa ja nykytanssissa.<\/p>\n\n\n\n<figure class=\"wp-block-image\"><img decoding=\"async\" src=\"https:\/\/www.stella-sisu.fi\/wp-content\/uploads\/2025\/05\/8bd719_a719faea76e14e39b538de8c907bfe42mv2.jpg\" alt=\"\" class=\"wp-image-3393\"\/><\/figure>\n\n\n\n<p id=\"viewer-d8ves\">Erinomainen pohja saatu voimistelusta ja k\u00e4rkitossuilla pysyy jo aika hyvin! Kiitos mahtavalle lajille!<\/p>\n\n\n\n<figure class=\"wp-block-image\"><img decoding=\"async\" src=\"https:\/\/www.stella-sisu.fi\/wp-content\/uploads\/2025\/05\/8bd719_38d53e59ed544ade9de8dd9b2f379f03mv2.jpg\" alt=\"\" class=\"wp-image-3392\"\/><\/figure>\n\n\n\n<p id=\"viewer-ci5gr\">Suuri kiitos kaikille Annan valmentajille ja erityisesti Ege Soidlalle, joka on edelleen todella t\u00e4rke\u00e4 henkil\u00f6 Annan el\u00e4m\u00e4ss\u00e4! Ege ei ole vain valmentaja, h\u00e4n on opettaja, kannustaja, tuki sek\u00e4 lapselle, ett\u00e4 vanhemmille, ja ihana ihminen, jolla on j\u00e4ttim\u00e4inen rakkautta t\u00e4ynn\u00e4 oleva syd\u00e4n!<\/p>\n\n\n\n<figure class=\"wp-block-image\"><img decoding=\"async\" src=\"https:\/\/www.stella-sisu.fi\/wp-content\/uploads\/2025\/05\/8bd719_fa35bd8a08b7416b8ec8d669efc85cd8mv2.jpg\" alt=\"\" class=\"wp-image-3378\"\/><\/figure>\n\n\n\n<p id=\"viewer-62p94\">Kiitos <a target=\"_blank\" href=\"https:\/\/www.esvoli.com\/\" rel=\"noreferrer noopener\"><u>Esvolille<\/u><\/a>, joka on ollut Annan seurana 5 vuotta. Kiitos my\u00f6s <a target=\"_blank\" href=\"https:\/\/www.jyvo.fi\/taito-ja-kilpavoimistelu\/rytminen_voimistelu\/\" rel=\"noreferrer noopener\"><u>Jyv\u00e4skyl\u00e4n voimistelijoille<\/u><\/a> and <a target=\"_blank\" href=\"https:\/\/www.olarinvoimistelijat.fi\/\" rel=\"noreferrer noopener\"><u>Olarin Voimistelijoille<\/u><\/a>! Olette kaikki ihan huippuja seuroja!<\/p>\n\n\n\n<figure class=\"wp-block-image\"><img loading=\"lazy\" decoding=\"async\" width=\"350\" height=\"483\" src=\"https:\/\/www.stella-sisu.fi\/wp-content\/uploads\/2025\/05\/8bd719_aa018af443ed435690a7d864539fbafbmv2.webp\" alt=\"\" class=\"wp-image-3373\" srcset=\"https:\/\/www.stella-sisu.fi\/wp-content\/uploads\/2025\/05\/8bd719_aa018af443ed435690a7d864539fbafbmv2.webp 350w, https:\/\/www.stella-sisu.fi\/wp-content\/uploads\/2025\/05\/8bd719_aa018af443ed435690a7d864539fbafbmv2-217x300.webp 217w\" sizes=\"auto, (max-width: 350px) 100vw, 350px\" \/><\/figure>\n\n\n\n<figure class=\"wp-block-image\"><img loading=\"lazy\" decoding=\"async\" width=\"350\" height=\"303\" src=\"https:\/\/www.stella-sisu.fi\/wp-content\/uploads\/2025\/05\/8bd719_b3ab8dedbc704320aa6f95bbcf571f27mv2.webp\" alt=\"\" class=\"wp-image-3377\" srcset=\"https:\/\/www.stella-sisu.fi\/wp-content\/uploads\/2025\/05\/8bd719_b3ab8dedbc704320aa6f95bbcf571f27mv2.webp 350w, https:\/\/www.stella-sisu.fi\/wp-content\/uploads\/2025\/05\/8bd719_b3ab8dedbc704320aa6f95bbcf571f27mv2-300x260.webp 300w\" sizes=\"auto, (max-width: 350px) 100vw, 350px\" \/><\/figure>\n\n\n\n<figure class=\"wp-block-image\"><img loading=\"lazy\" decoding=\"async\" width=\"350\" height=\"263\" src=\"https:\/\/www.stella-sisu.fi\/wp-content\/uploads\/2025\/05\/8bd719_3b974b1ea45b44fbae954508b935c001mv2.webp\" alt=\"\" class=\"wp-image-3376\" srcset=\"https:\/\/www.stella-sisu.fi\/wp-content\/uploads\/2025\/05\/8bd719_3b974b1ea45b44fbae954508b935c001mv2.webp 350w, https:\/\/www.stella-sisu.fi\/wp-content\/uploads\/2025\/05\/8bd719_3b974b1ea45b44fbae954508b935c001mv2-300x225.webp 300w\" sizes=\"auto, (max-width: 350px) 100vw, 350px\" \/><\/figure>\n\n\n\n<p id=\"viewer-9187b\">Omalta puolelta haluan my\u00f6s kiitt\u00e4\u00e4 Annaa kaikista voimista ja inspiroinnista, mit\u00e4 h\u00e4n on n\u00e4ytt\u00e4nyt minulle n\u00e4iden vuosien aikana. Miten paljon k\u00e4rsiv\u00e4llisyytt\u00e4, viisautta ja rohkeutta sinulla on! Miten paljon sin\u00e4 olet opettanut meit\u00e4! Jatkaa vain eteenp\u00e4in!<\/p>\n\n\n\n<figure class=\"wp-block-image\"><img decoding=\"async\" src=\"https:\/\/www.stella-sisu.fi\/wp-content\/uploads\/2025\/05\/8bd719_7816a60330b94e22b8bf4a9478421bd9mv2.jpg\" alt=\"\" class=\"wp-image-3387\"\/><\/figure>\n\n\n\n<p id=\"viewer-bcn2e\">T\u00e4st\u00e4 matka jatkuu ja vaikka se on nyt voimistelijan erikoinen p\u00e4iv\u00e4, edess\u00e4 on todella paljon erikoisia ja mahtavia ballerinan p\u00e4ivi\u00e4!<\/p>\n\n\n\n<p><\/p>","protected":false},"excerpt":{"rendered":"<p>T\u00e4m\u00e4 blog postaus on t\u00e4ynn\u00e4 tunteita, nimenomaan \u00e4idin tunteita. Sen on vaikea aloittaa ja viel\u00e4 vaikeampi lopettaa&#8230; kuin my\u00f6s voimistelu [&hellip;]<\/p>\n","protected":false},"author":1,"featured_media":4054,"comment_status":"open","ping_status":"open","sticky":false,"template":"","format":"standard","meta":{"_uag_custom_page_level_css":"","site-sidebar-layout":"default","site-content-layout":"","ast-site-content-layout":"default","site-content-style":"default","site-sidebar-style":"default","ast-global-header-display":"","ast-banner-title-visibility":"","ast-main-header-display":"","ast-hfb-above-header-display":"","ast-hfb-below-header-display":"","ast-hfb-mobile-header-display":"","site-post-title":"","ast-breadcrumbs-content":"","ast-featured-img":"","footer-sml-layout":"","ast-disable-related-posts":"","theme-transparent-header-meta":"","adv-header-id-meta":"","stick-header-meta":"","header-above-stick-meta":"","header-main-stick-meta":"","header-below-stick-meta":"","astra-migrate-meta-layouts":"default","ast-page-background-enabled":"default","ast-page-background-meta":{"desktop":{"background-color":"var(--ast-global-color-5)","background-image":"","background-repeat":"repeat","background-position":"center center","background-size":"auto","background-attachment":"scroll","background-type":"","background-media":"","overlay-type":"","overlay-color":"","overlay-opacity":"","overlay-gradient":""},"tablet":{"background-color":"","background-image":"","background-repeat":"repeat","background-position":"center center","background-size":"auto","background-attachment":"scroll","background-type":"","background-media":"","overlay-type":"","overlay-color":"","overlay-opacity":"","overlay-gradient":""},"mobile":{"background-color":"","background-image":"","background-repeat":"repeat","background-position":"center center","background-size":"auto","background-attachment":"scroll","background-type":"","background-media":"","overlay-type":"","overlay-color":"","overlay-opacity":"","overlay-gradient":""}},"ast-content-background-meta":{"desktop":{"background-color":"var(--ast-global-color-4)","background-image":"","background-repeat":"repeat","background-position":"center center","background-size":"auto","background-attachment":"scroll","background-type":"","background-media":"","overlay-type":"","overlay-color":"","overlay-opacity":"","overlay-gradient":""},"tablet":{"background-color":"var(--ast-global-color-4)","background-image":"","background-repeat":"repeat","background-position":"center center","background-size":"auto","background-attachment":"scroll","background-type":"","background-media":"","overlay-type":"","overlay-color":"","overlay-opacity":"","overlay-gradient":""},"mobile":{"background-color":"var(--ast-global-color-4)","background-image":"","background-repeat":"repeat","background-position":"center center","background-size":"auto","background-attachment":"scroll","background-type":"","background-media":"","overlay-type":"","overlay-color":"","overlay-opacity":"","overlay-gradient":""}},"footnotes":""},"categories":[399],"tags":[325,430,451,452],"class_list":["post-3368","post","type-post","status-publish","format-standard","has-post-thumbnail","hentry","category-stella-sisu-tarinat","tag-rytminen-voimistelu","tag-rytminen-voimistelu-arki","tag-rytmisen-voimistelijan-paiva","tag-rytmisen-voimistelijan-perhe"],"uagb_featured_image_src":{"full":["https:\/\/www.stella-sisu.fi\/wp-content\/uploads\/2025\/05\/anna.webp",883,880,false],"thumbnail":["https:\/\/www.stella-sisu.fi\/wp-content\/uploads\/2025\/05\/anna-150x150.jpg",150,150,true],"medium":["https:\/\/www.stella-sisu.fi\/wp-content\/uploads\/2025\/05\/anna-300x300.jpg",300,300,true],"medium_large":["https:\/\/www.stella-sisu.fi\/wp-content\/uploads\/2025\/05\/anna-768x765.jpg",768,765,true],"large":["https:\/\/www.stella-sisu.fi\/wp-content\/uploads\/2025\/05\/anna.webp",883,880,false],"1536x1536":["https:\/\/www.stella-sisu.fi\/wp-content\/uploads\/2025\/05\/anna.webp",883,880,false],"2048x2048":["https:\/\/www.stella-sisu.fi\/wp-content\/uploads\/2025\/05\/anna.webp",883,880,false],"trp-custom-language-flag":["https:\/\/www.stella-sisu.fi\/wp-content\/uploads\/2025\/05\/anna.webp",12,12,false],"woocommerce_thumbnail":["https:\/\/www.stella-sisu.fi\/wp-content\/uploads\/2025\/05\/anna-300x300.webp",300,300,true],"woocommerce_single":["https:\/\/www.stella-sisu.fi\/wp-content\/uploads\/2025\/05\/anna-600x598.webp",600,598,true],"woocommerce_gallery_thumbnail":["https:\/\/www.stella-sisu.fi\/wp-content\/uploads\/2025\/05\/anna-100x100.webp",100,100,true]},"uagb_author_info":{"display_name":"Stella Sisun Nadiia","author_link":"https:\/\/www.stella-sisu.fi\/en\/author\/admin\/"},"uagb_comment_info":0,"uagb_excerpt":"T\u00e4m\u00e4 blog postaus on t\u00e4ynn\u00e4 tunteita, nimenomaan \u00e4idin tunteita. Sen on vaikea aloittaa ja viel\u00e4 vaikeampi lopettaa&#8230; kuin my\u00f6s voimistelu [&hellip;]","_links":{"self":[{"href":"https:\/\/www.stella-sisu.fi\/en\/wp-json\/wp\/v2\/posts\/3368","targetHints":{"allow":["GET"]}}],"collection":[{"href":"https:\/\/www.stella-sisu.fi\/en\/wp-json\/wp\/v2\/posts"}],"about":[{"href":"https:\/\/www.stella-sisu.fi\/en\/wp-json\/wp\/v2\/types\/post"}],"author":[{"embeddable":true,"href":"https:\/\/www.stella-sisu.fi\/en\/wp-json\/wp\/v2\/users\/1"}],"replies":[{"embeddable":true,"href":"https:\/\/www.stella-sisu.fi\/en\/wp-json\/wp\/v2\/comments?post=3368"}],"version-history":[{"count":1,"href":"https:\/\/www.stella-sisu.fi\/en\/wp-json\/wp\/v2\/posts\/3368\/revisions"}],"predecessor-version":[{"id":6560,"href":"https:\/\/www.stella-sisu.fi\/en\/wp-json\/wp\/v2\/posts\/3368\/revisions\/6560"}],"wp:featuredmedia":[{"embeddable":true,"href":"https:\/\/www.stella-sisu.fi\/en\/wp-json\/wp\/v2\/media\/4054"}],"wp:attachment":[{"href":"https:\/\/www.stella-sisu.fi\/en\/wp-json\/wp\/v2\/media?parent=3368"}],"wp:term":[{"taxonomy":"category","embeddable":true,"href":"https:\/\/www.stella-sisu.fi\/en\/wp-json\/wp\/v2\/categories?post=3368"},{"taxonomy":"post_tag","embeddable":true,"href":"https:\/\/www.stella-sisu.fi\/en\/wp-json\/wp\/v2\/tags?post=3368"}],"curies":[{"name":"wp","href":"https:\/\/api.w.org\/{rel}","templated":true}]}}